{"id":14961,"date":"2016-06-14T07:59:43","date_gmt":"2016-06-14T10:59:43","guid":{"rendered":"https:\/\/siteoftalmodapau1.websiteseguro.com\/?p=14961"},"modified":"2024-07-15T12:02:18","modified_gmt":"2024-07-15T15:02:18","slug":"eyekart-competicao-entre-oftalmologistas","status":"publish","type":"post","link":"https:\/\/oftalmodapaulista.com.br\/profissional\/eyekart-competicao-entre-oftalmologistas\/","title":{"rendered":"Eyekart \u2013 Competi\u00e7\u00e3o entre Oftalmologistas"},"content":{"rendered":"\n<p>O&nbsp;<strong>EyeKart<\/strong>&nbsp;\u00e9 uma competi\u00e7\u00e3o entre oftalmologistas da EPM\/Unifesp, organizada pela primeira vez em 2006 pelos Drs. Caio Regatieri, Anderson Teixeira e Wallace Chamon.<\/p>\n\n\n\n<p>Em 7 de junho deste ano, aconteceu a primeira etapa do 10\u00ba ano do EyeKart, realizada no&nbsp;<a href=\"http:\/\/speedland.com.br\/news\/\" target=\"_blank\" rel=\"noreferrer noopener\">Speedland<\/a>, com participa\u00e7\u00e3o de v\u00e1rios representantes do Departamento.<\/p>\n\n\n\n<figure class=\"wp-block-image size-full\"><img loading=\"lazy\" decoding=\"async\" width=\"292\" height=\"300\" src=\"https:\/\/siteoftalmodapau1.websiteseguro.com\/wp-content\/uploads\/2023\/10\/image-21.png\" alt=\"\" class=\"wp-image-14962\"\/><\/figure>\n","protected":false},"excerpt":{"rendered":"<p>O&nbsp;EyeKart&nbsp;\u00e9 uma competi\u00e7\u00e3o entre oftalmologistas da EPM\/Unifesp, organizada pela primeira vez em 2006 pelos Drs. Caio Regatieri, Anderson Teixeira e Wallace Chamon. Em 7 de junho deste ano, aconteceu a primeira etapa do 10\u00ba ano do EyeKart, realizada no&nbsp;Speedland, com participa\u00e7\u00e3o de v\u00e1rios representantes do Departamento.<\/p>\n","protected":false},"author":1,"featured_media":0,"comment_status":"closed","ping_status":"closed","sticky":false,"template":"","format":"standard","meta":{"_acf_changed":false,"footnotes":""},"categories":[73],"tags":[],"class_list":["post-14961","post","type-post","status-publish","format-standard","hentry","category-noticias"],"acf":[],"_links":{"self":[{"href":"https:\/\/oftalmodapaulista.com.br\/profissional\/wp-json\/wp\/v2\/posts\/14961","targetHints":{"allow":["GET"]}}],"collection":[{"href":"https:\/\/oftalmodapaulista.com.br\/profissional\/wp-json\/wp\/v2\/posts"}],"about":[{"href":"https:\/\/oftalmodapaulista.com.br\/profissional\/wp-json\/wp\/v2\/types\/post"}],"author":[{"embeddable":true,"href":"https:\/\/oftalmodapaulista.com.br\/profissional\/wp-json\/wp\/v2\/users\/1"}],"replies":[{"embeddable":true,"href":"https:\/\/oftalmodapaulista.com.br\/profissional\/wp-json\/wp\/v2\/comments?post=14961"}],"version-history":[{"count":1,"href":"https:\/\/oftalmodapaulista.com.br\/profissional\/wp-json\/wp\/v2\/posts\/14961\/revisions"}],"predecessor-version":[{"id":14963,"href":"https:\/\/oftalmodapaulista.com.br\/profissional\/wp-json\/wp\/v2\/posts\/14961\/revisions\/14963"}],"wp:attachment":[{"href":"https:\/\/oftalmodapaulista.com.br\/profissional\/wp-json\/wp\/v2\/media?parent=14961"}],"wp:term":[{"taxonomy":"category","embeddable":true,"href":"https:\/\/oftalmodapaulista.com.br\/profissional\/wp-json\/wp\/v2\/categories?post=14961"},{"taxonomy":"post_tag","embeddable":true,"href":"https:\/\/oftalmodapaulista.com.br\/profissional\/wp-json\/wp\/v2\/tags?post=14961"}],"curies":[{"name":"wp","href":"https:\/\/api.w.org\/{rel}","templated":true}]}}