{"id":14958,"date":"2016-06-14T08:00:57","date_gmt":"2016-06-14T11:00:57","guid":{"rendered":"https:\/\/siteoftalmodapau1.websiteseguro.com\/?p=14958"},"modified":"2024-07-15T12:02:48","modified_gmt":"2024-07-15T15:02:48","slug":"pan-americano-de-retina","status":"publish","type":"post","link":"https:\/\/oftalmodapaulista.com.br\/profissional\/pan-americano-de-retina\/","title":{"rendered":"Pan-Americano de Retina"},"content":{"rendered":"\n<p>Entre os dias 1 e 4 de junho, ocorreu o&nbsp;<strong>VII Congresso da Sociedade Pan-americana de Retina e V\u00edtreo<\/strong>, em Natal, RN, presidida pelo Prof. Dr. Michel Farah, vice-chefe do Departamento de Oftalmologia e Ci\u00eancias Visuais da EPM\/Unifesp. O Congresso teve um programa cient\u00edfico de alto n\u00edvel e permitiu interc\u00e2mbio de informa\u00e7\u00f5es entre especialistas do Brasil e da Am\u00e9rica Latina. Durante o Congresso, houve o primeiro encontro Alumni de fellows de Retina e V\u00edtreo do Departamento, al\u00e9m de uma sess\u00e3o mediada pelos Profs. Rubens Belfort Jr. e Maur\u00edcio Maia, destinada a troca de experi\u00eancias sobre o v\u00edrus Zika.<\/p>\n\n\n\n<p>A secretaria geral do evento ficou sob responsabilidade de Dr. Mauricio Maia e a coordena\u00e7\u00e3o cient\u00edfica ficou a cargo de Dr. Fernando Penha e Dr. Carlos Moreira Junior. O diretor local foi Carlos Alexandre Garcia Filho<br>O evento foi um sucesso em inova\u00e7\u00e3o e foi considerado pelos participantes como o melhor congresso da Sociedade Pan-americana de Retina e V\u00edtreo realizado at\u00e9 hoje. Participaram 83 palestrantes e um total de 487 inscritos, vindos de v\u00e1rias partes do Brasil e das Am\u00e9ricas:<\/p>\n\n\n\n<ul class=\"wp-block-list\">\n<li>21 Estados brasileiros: Alagoas, Amazonas, Bahia, Cear\u00e1, Distrito Federal, Esp\u00edrito Santo, Goi\u00e1s, Mato Grosso do Sul, Minas Gerais, Par\u00e1, Para\u00edba, Paran\u00e1, Pernambuco, Piau\u00ed, Rio de Janeiro, Rio Grande do Norte, Rio Grande do Sul, Rond\u00f4nia, Santa Catarina, S\u00e3o Paulo, Sergipe;<\/li>\n\n\n\n<li>19 Pa\u00edses: Argentina, Bol\u00edvia, Brasil, Chile, Col\u00f4mbia, Costa Rica, Equador, El Salvador, Estados Unidos, Guatemala, M\u00e9xico, Nicar\u00e1gua, Panam\u00e1, Paraguai, Peru, Porto Rico, Rep\u00fablica Dominicana, Uruguai e Venezuela.<\/li>\n<\/ul>\n\n\n\n<figure class=\"wp-block-image size-full\"><img loading=\"lazy\" decoding=\"async\" width=\"300\" height=\"272\" src=\"https:\/\/siteoftalmodapau1.websiteseguro.com\/wp-content\/uploads\/2023\/10\/image-20.png\" alt=\"\" class=\"wp-image-14959\"\/><\/figure>\n","protected":false},"excerpt":{"rendered":"<p>Entre os dias 1 e 4 de junho, ocorreu o&nbsp;VII Congresso da Sociedade Pan-americana de Retina e V\u00edtreo, em Natal, RN, presidida pelo Prof. Dr. Michel Farah, vice-chefe do Departamento de Oftalmologia e Ci\u00eancias Visuais da EPM\/Unifesp. O Congresso teve um programa cient\u00edfico de alto n\u00edvel e permitiu interc\u00e2mbio de informa\u00e7\u00f5es entre especialistas do Brasil&#8230;<\/p>\n","protected":false},"author":1,"featured_media":0,"comment_status":"closed","ping_status":"closed","sticky":false,"template":"","format":"standard","meta":{"_acf_changed":false,"footnotes":""},"categories":[73],"tags":[],"class_list":["post-14958","post","type-post","status-publish","format-standard","hentry","category-noticias"],"acf":[],"_links":{"self":[{"href":"https:\/\/oftalmodapaulista.com.br\/profissional\/wp-json\/wp\/v2\/posts\/14958","targetHints":{"allow":["GET"]}}],"collection":[{"href":"https:\/\/oftalmodapaulista.com.br\/profissional\/wp-json\/wp\/v2\/posts"}],"about":[{"href":"https:\/\/oftalmodapaulista.com.br\/profissional\/wp-json\/wp\/v2\/types\/post"}],"author":[{"embeddable":true,"href":"https:\/\/oftalmodapaulista.com.br\/profissional\/wp-json\/wp\/v2\/users\/1"}],"replies":[{"embeddable":true,"href":"https:\/\/oftalmodapaulista.com.br\/profissional\/wp-json\/wp\/v2\/comments?post=14958"}],"version-history":[{"count":1,"href":"https:\/\/oftalmodapaulista.com.br\/profissional\/wp-json\/wp\/v2\/posts\/14958\/revisions"}],"predecessor-version":[{"id":14960,"href":"https:\/\/oftalmodapaulista.com.br\/profissional\/wp-json\/wp\/v2\/posts\/14958\/revisions\/14960"}],"wp:attachment":[{"href":"https:\/\/oftalmodapaulista.com.br\/profissional\/wp-json\/wp\/v2\/media?parent=14958"}],"wp:term":[{"taxonomy":"category","embeddable":true,"href":"https:\/\/oftalmodapaulista.com.br\/profissional\/wp-json\/wp\/v2\/categories?post=14958"},{"taxonomy":"post_tag","embeddable":true,"href":"https:\/\/oftalmodapaulista.com.br\/profissional\/wp-json\/wp\/v2\/tags?post=14958"}],"curies":[{"name":"wp","href":"https:\/\/api.w.org\/{rel}","templated":true}]}}