{"id":14951,"date":"2016-06-21T08:59:05","date_gmt":"2016-06-21T11:59:05","guid":{"rendered":"https:\/\/siteoftalmodapau1.websiteseguro.com\/?p=14951"},"modified":"2024-07-15T12:04:53","modified_gmt":"2024-07-15T15:04:53","slug":"concurso-para-oftalmologista-inscricoes-prorrogadas","status":"publish","type":"post","link":"https:\/\/oftalmodapaulista.com.br\/profissional\/concurso-para-oftalmologista-inscricoes-prorrogadas\/","title":{"rendered":"Concurso para Oftalmologista \u2013 Inscri\u00e7\u00f5es prorrogadas"},"content":{"rendered":"\n<p>Est\u00e3o abertas as inscri\u00e7\u00f5es para o CONCURSO P\u00daBLICO de provas e t\u00edtulos para 01 (uma) vaga(s) no Magist\u00e9rio de Ensino Superior, a ser(em) distribu\u00edda(s) no Campus S\u00e3o Paulo da UNIFESP, mediante as normas contidas&nbsp;<a href=\"http:\/\/concurso.unifesp.br\/editais\/edital349-2016.htm\" target=\"_blank\" rel=\"noreferrer noopener\">neste Edital<\/a>&nbsp;e suas posteriores altera\u00e7\u00f5es, n\u00e3o cabendo a nenhum candidato alegar desconhecimento dos citados expedientes.<\/p>\n\n\n\n<p>As inscri\u00e7\u00f5es&nbsp;<strong>FORAM PRORROGADAS<\/strong>&nbsp;at\u00e9 15 de julho de 2016, exceto s\u00e1bados, domingos e feriados, para entrega da documenta\u00e7\u00e3o exigida. Local: Campus S\u00c3O PAULO, na Divis\u00e3o de Recursos Humanos, Rua Botucatu, 740 \u2013 3\u00ba andar, Vila Clementino, S\u00e3o Paulo\/SP, pessoalmente ou por procurador legalmente constitu\u00eddo.<\/p>\n\n\n\n<p><strong>Leia o edital completo neste link:<\/strong><br><a href=\"http:\/\/concurso.unifesp.br\/editais\/edital349-2016.htm\" target=\"_blank\" rel=\"noreferrer noopener\">http:\/\/concurso.unifesp.br\/editais\/edital349-2016.htm<\/a><\/p>\n","protected":false},"excerpt":{"rendered":"<p>Est\u00e3o abertas as inscri\u00e7\u00f5es para o CONCURSO P\u00daBLICO de provas e t\u00edtulos para 01 (uma) vaga(s) no Magist\u00e9rio de Ensino Superior, a ser(em) distribu\u00edda(s) no Campus S\u00e3o Paulo da UNIFESP, mediante as normas contidas&nbsp;neste Edital&nbsp;e suas posteriores altera\u00e7\u00f5es, n\u00e3o cabendo a nenhum candidato alegar desconhecimento dos citados expedientes. As inscri\u00e7\u00f5es&nbsp;FORAM PRORROGADAS&nbsp;at\u00e9 15 de julho de&#8230;<\/p>\n","protected":false},"author":1,"featured_media":0,"comment_status":"closed","ping_status":"closed","sticky":false,"template":"","format":"standard","meta":{"_acf_changed":false,"footnotes":""},"categories":[73],"tags":[],"class_list":["post-14951","post","type-post","status-publish","format-standard","hentry","category-noticias"],"acf":[],"_links":{"self":[{"href":"https:\/\/oftalmodapaulista.com.br\/profissional\/wp-json\/wp\/v2\/posts\/14951","targetHints":{"allow":["GET"]}}],"collection":[{"href":"https:\/\/oftalmodapaulista.com.br\/profissional\/wp-json\/wp\/v2\/posts"}],"about":[{"href":"https:\/\/oftalmodapaulista.com.br\/profissional\/wp-json\/wp\/v2\/types\/post"}],"author":[{"embeddable":true,"href":"https:\/\/oftalmodapaulista.com.br\/profissional\/wp-json\/wp\/v2\/users\/1"}],"replies":[{"embeddable":true,"href":"https:\/\/oftalmodapaulista.com.br\/profissional\/wp-json\/wp\/v2\/comments?post=14951"}],"version-history":[{"count":1,"href":"https:\/\/oftalmodapaulista.com.br\/profissional\/wp-json\/wp\/v2\/posts\/14951\/revisions"}],"predecessor-version":[{"id":14952,"href":"https:\/\/oftalmodapaulista.com.br\/profissional\/wp-json\/wp\/v2\/posts\/14951\/revisions\/14952"}],"wp:attachment":[{"href":"https:\/\/oftalmodapaulista.com.br\/profissional\/wp-json\/wp\/v2\/media?parent=14951"}],"wp:term":[{"taxonomy":"category","embeddable":true,"href":"https:\/\/oftalmodapaulista.com.br\/profissional\/wp-json\/wp\/v2\/categories?post=14951"},{"taxonomy":"post_tag","embeddable":true,"href":"https:\/\/oftalmodapaulista.com.br\/profissional\/wp-json\/wp\/v2\/tags?post=14951"}],"curies":[{"name":"wp","href":"https:\/\/api.w.org\/{rel}","templated":true}]}}