{"id":14949,"date":"2016-06-21T09:00:35","date_gmt":"2016-06-21T12:00:35","guid":{"rendered":"https:\/\/siteoftalmodapau1.websiteseguro.com\/?p=14949"},"modified":"2024-07-15T12:05:56","modified_gmt":"2024-07-15T15:05:56","slug":"convite","status":"publish","type":"post","link":"https:\/\/oftalmodapaulista.com.br\/profissional\/convite\/","title":{"rendered":"Convite"},"content":{"rendered":"\n<p>O\u00a0<strong>Departamento de Oftalmologia e Ci\u00eancias Visuais da EPM\/UNIFESP<\/strong>\u00a0tem a satisfa\u00e7\u00e3o de convidar os leitores para assistir \u00e0 avalia\u00e7\u00e3o para promo\u00e7\u00e3o \u00e0 classe de Professor Titular da candidata:\u00a0<strong>SOLANGE RIOS SALOM\u00c3O<\/strong>, a ser realizada no\u00a0<strong>dia 20 de Julho (4\u00aa feira), \u00e0s 09h00<\/strong>, no Anfiteatro B\u00f3ris Casoy (Rua Botucatu. 821 \u2013 1\u00ba andar \u2013 S\u00e3o Paulo\/SP).<\/p>\n","protected":false},"excerpt":{"rendered":"<p>O\u00a0Departamento de Oftalmologia e Ci\u00eancias Visuais da EPM\/UNIFESP\u00a0tem a satisfa\u00e7\u00e3o de convidar os leitores para assistir \u00e0 avalia\u00e7\u00e3o para promo\u00e7\u00e3o \u00e0 classe de Professor Titular da candidata:\u00a0SOLANGE RIOS SALOM\u00c3O, a ser realizada no\u00a0dia 20 de Julho (4\u00aa feira), \u00e0s 09h00, no Anfiteatro B\u00f3ris Casoy (Rua Botucatu. 821 \u2013 1\u00ba andar \u2013 S\u00e3o Paulo\/SP).<\/p>\n","protected":false},"author":1,"featured_media":0,"comment_status":"closed","ping_status":"closed","sticky":false,"template":"","format":"standard","meta":{"_acf_changed":false,"footnotes":""},"categories":[73],"tags":[],"class_list":["post-14949","post","type-post","status-publish","format-standard","hentry","category-noticias"],"acf":[],"_links":{"self":[{"href":"https:\/\/oftalmodapaulista.com.br\/profissional\/wp-json\/wp\/v2\/posts\/14949","targetHints":{"allow":["GET"]}}],"collection":[{"href":"https:\/\/oftalmodapaulista.com.br\/profissional\/wp-json\/wp\/v2\/posts"}],"about":[{"href":"https:\/\/oftalmodapaulista.com.br\/profissional\/wp-json\/wp\/v2\/types\/post"}],"author":[{"embeddable":true,"href":"https:\/\/oftalmodapaulista.com.br\/profissional\/wp-json\/wp\/v2\/users\/1"}],"replies":[{"embeddable":true,"href":"https:\/\/oftalmodapaulista.com.br\/profissional\/wp-json\/wp\/v2\/comments?post=14949"}],"version-history":[{"count":1,"href":"https:\/\/oftalmodapaulista.com.br\/profissional\/wp-json\/wp\/v2\/posts\/14949\/revisions"}],"predecessor-version":[{"id":14950,"href":"https:\/\/oftalmodapaulista.com.br\/profissional\/wp-json\/wp\/v2\/posts\/14949\/revisions\/14950"}],"wp:attachment":[{"href":"https:\/\/oftalmodapaulista.com.br\/profissional\/wp-json\/wp\/v2\/media?parent=14949"}],"wp:term":[{"taxonomy":"category","embeddable":true,"href":"https:\/\/oftalmodapaulista.com.br\/profissional\/wp-json\/wp\/v2\/categories?post=14949"},{"taxonomy":"post_tag","embeddable":true,"href":"https:\/\/oftalmodapaulista.com.br\/profissional\/wp-json\/wp\/v2\/tags?post=14949"}],"curies":[{"name":"wp","href":"https:\/\/api.w.org\/{rel}","templated":true}]}}